{"id":244,"date":"2022-12-30T11:25:34","date_gmt":"2022-12-30T14:25:34","guid":{"rendered":"https:\/\/unima-argentina.org\/ua22\/?p=244"},"modified":"2022-12-30T11:27:00","modified_gmt":"2022-12-30T14:27:00","slug":"3er-congreso-titeres-educacion-y-cultura","status":"publish","type":"post","link":"https:\/\/unima-argentina.org\/ua22\/2022\/12\/30\/3er-congreso-titeres-educacion-y-cultura\/","title":{"rendered":"Tercer Congreso Pedag\u00f3gico Latinoamericano de T\u00edteres, Educaci\u00f3n y Cultura (noviembre de 2021)"},"content":{"rendered":"<blockquote class=\"wp-embedded-content\" data-secret=\"rxcfeG9SMv\"><p><a href=\"https:\/\/educacion.ctera.org.ar\/programa-y-mesas-3er-congreso-pedagogico-latinoamericano-de-titeres-educacion-y-cultura\/\">Programa y Mesas 3er Congreso Pedag\u00f3gico Latinoamericano de T\u00edteres, Educaci\u00f3n y Cultura<\/a><\/p><\/blockquote>\n<p><iframe class=\"wp-embedded-content\" sandbox=\"allow-scripts\" security=\"restricted\" style=\"position: absolute; clip: rect(1px, 1px, 1px, 1px);\" title=\"&#8220;Programa y Mesas 3er Congreso Pedag\u00f3gico Latinoamericano de T\u00edteres, Educaci\u00f3n y Cultura&#8221; &#8212; Educacion CTERA\" src=\"https:\/\/educacion.ctera.org.ar\/programa-y-mesas-3er-congreso-pedagogico-latinoamericano-de-titeres-educacion-y-cultura\/embed\/#?secret=rxcfeG9SMv\" data-secret=\"rxcfeG9SMv\" width=\"600\" height=\"338\" frameborder=\"0\" marginwidth=\"0\" marginheight=\"0\" scrolling=\"no\"><\/iframe><\/p>\n","protected":false},"excerpt":{"rendered":"<p>Programa y Mesas 3er Congreso Pedag\u00f3gico Latinoamericano de T\u00edteres, Educaci\u00f3n y Cultura<\/p>\n","protected":false},"author":5,"featured_media":498,"comment_status":"open","ping_status":"open","sticky":false,"template":"","format":"standard","meta":{"footnotes":""},"categories":[13,6],"tags":[],"class_list":["post-244","post","type-post","status-publish","format-standard","has-post-thumbnail","hentry","category-destacadas","category-educacion"],"_links":{"self":[{"href":"https:\/\/unima-argentina.org\/ua22\/wp-json\/wp\/v2\/posts\/244","targetHints":{"allow":["GET"]}}],"collection":[{"href":"https:\/\/unima-argentina.org\/ua22\/wp-json\/wp\/v2\/posts"}],"about":[{"href":"https:\/\/unima-argentina.org\/ua22\/wp-json\/wp\/v2\/types\/post"}],"author":[{"embeddable":true,"href":"https:\/\/unima-argentina.org\/ua22\/wp-json\/wp\/v2\/users\/5"}],"replies":[{"embeddable":true,"href":"https:\/\/unima-argentina.org\/ua22\/wp-json\/wp\/v2\/comments?post=244"}],"version-history":[{"count":3,"href":"https:\/\/unima-argentina.org\/ua22\/wp-json\/wp\/v2\/posts\/244\/revisions"}],"predecessor-version":[{"id":500,"href":"https:\/\/unima-argentina.org\/ua22\/wp-json\/wp\/v2\/posts\/244\/revisions\/500"}],"wp:featuredmedia":[{"embeddable":true,"href":"https:\/\/unima-argentina.org\/ua22\/wp-json\/wp\/v2\/media\/498"}],"wp:attachment":[{"href":"https:\/\/unima-argentina.org\/ua22\/wp-json\/wp\/v2\/media?parent=244"}],"wp:term":[{"taxonomy":"category","embeddable":true,"href":"https:\/\/unima-argentina.org\/ua22\/wp-json\/wp\/v2\/categories?post=244"},{"taxonomy":"post_tag","embeddable":true,"href":"https:\/\/unima-argentina.org\/ua22\/wp-json\/wp\/v2\/tags?post=244"}],"curies":[{"name":"wp","href":"https:\/\/api.w.org\/{rel}","templated":true}]}}